{"id":1607,"date":"2025-05-05T11:09:29","date_gmt":"2025-05-05T09:09:29","guid":{"rendered":"https:\/\/rennovabarcelona.com\/reformes-de-cuines-low-cost-a-barcelona-amb-muntatge-inclos-2025\/"},"modified":"2025-08-18T12:29:37","modified_gmt":"2025-08-18T10:29:37","slug":"reformes-de-cuines-low-cost-a-barcelona-amb-muntatge-inclos-2025","status":"publish","type":"post","link":"https:\/\/rennovabarcelona.com\/ca\/reformes-de-cuines-low-cost-a-barcelona-amb-muntatge-inclos-2025\/","title":{"rendered":"Reformes de cuines low cost a Barcelona amb muntatge incl\u00f2s 2025"},"content":{"rendered":"<p><b>Vols una cuina funcional, moderna i econ\u00f2mica sense complicacions?<\/b><span style=\"font-weight: 400;\"> En\u202fRennova Barcelona\u202ft&#8217;oferim reformes de <a href=\"https:\/\/rennovabarcelona.com\/servicio\/reformas-de-cocinas\/\">cuines barates<\/a> amb instal\u00b7laci\u00f3 inclosa, dissenyades per a ajustar-se al teu pressupost sense renunciar a la qualitat ni a l&#8217;estil.<\/span> <span style=\"font-weight: 400;\">En 2025, en Rennova Barcelona llancem la nostra oferta de <a href=\"https:\/\/rennovabarcelona.com\/servicio\/reformas-de-cocinas\/\">reformes de cuines <\/a><\/span><b>des d&#8217;11\u202f230\u202f\u20ac<\/b><span style=\"font-weight: 400;\"> per a espais de fins a 12\u202fm\u00b2, que inclou disseny, materials de qualitat, instal\u00b7laci\u00f3 i garantia integral. Aquesta tarifa low cost aprofita la nostra producci\u00f3 pr\u00f2pia de mobles i plaques de cocci\u00f3 en taller, juntament amb la coordinaci\u00f3 directa de fusters, lampistes i electricistes, la qual cosa ens permet reduir intermediaris i oferir-te sempre el millor preu sense sorpreses finals.<\/span> <span style=\"font-weight: 400;\">Amb aquesta proposta, renovem la teva cuina en tot just 2\u20133 setmanes, incorporant les \u00faltimes tend\u00e8ncies en acabats i efici\u00e8ncia energ\u00e8tica perqu\u00e8 gaudis d&#8217;un espai modern i funcional durant tot l&#8217;any 2025.<\/span> <img loading=\"lazy\" decoding=\"async\" class=\"wp-image-1601 size-full aligncenter\" src=\"https:\/\/rennovabarcelona.com\/wp-content\/uploads\/2025\/05\/cocina-low-cost.webp\" alt=\"\u201cDise\u00f1o de cocina en L con esquina aprovechada para almacenamiento, muebles laminados y encimera continua.\" width=\"768\" height=\"531\" srcset=\"https:\/\/rennovabarcelona.com\/wp-content\/uploads\/2025\/05\/cocina-low-cost.webp 768w, https:\/\/rennovabarcelona.com\/wp-content\/uploads\/2025\/05\/cocina-low-cost-480x332.webp 480w\" sizes=\"auto, (min-width: 0px) and (max-width: 480px) 480px, (min-width: 481px) 768px, 100vw\" \/><\/p>\n<h2><b>Avantatges de les nostres cuines econ\u00f2miques amb instal\u00b7laci\u00f3 inclosa<\/b><\/h2>\n<p><b>Renovar la teva cuina no t\u00e9 per qu\u00e8 disparar el teu pressupost<\/b><span style=\"font-weight: 400;\">. Amb Rennova Barcelona, gaudir\u00e0s de:<\/span><\/p>\n<h3><b>Estalvi i transpar\u00e8ncia en el pressupost<\/b><\/h3>\n<ul>\n<li style=\"font-weight: 400;\" aria-level=\"1\"><b>Preu tancat<\/b><span style=\"font-weight: 400;\">: Mobles, plaques de cocci\u00f3, transport i muntatge inclosos.<\/span><\/li>\n<li style=\"font-weight: 400;\" aria-level=\"1\"><b>Sense sorpreses<\/b><span style=\"font-weight: 400;\">: Evita costos ocults i factures addicionals.<\/span><\/li>\n<li style=\"font-weight: 400;\" aria-level=\"1\"><b>Facilitats de pagament<\/b><span style=\"font-weight: 400;\">: Adaptem els terminis a les teves necessitats.<\/span><\/li>\n<\/ul>\n<h3><b>Qualitat i garantia<\/b><\/h3>\n<ul>\n<li style=\"font-weight: 400;\" aria-level=\"1\"><b>Materials d&#8217;alta resist\u00e8ncia<\/b><span style=\"font-weight: 400;\">: A prova d&#8217;\u00fas diari.<\/span><\/li>\n<li style=\"font-weight: 400;\" aria-level=\"1\"><b>Electrodom\u00e8stics eficients<\/b><span style=\"font-weight: 400;\">: Aconsegueix estalvi energ\u00e8tic i durabilitat.<\/span><\/li>\n<li style=\"font-weight: 400;\" aria-level=\"1\"><b>Garantia integral<\/b><span style=\"font-weight: 400;\">: Cobertura en mobiliari, muntatge i acabats.<\/span><\/li>\n<\/ul>\n<h3><b>Gesti\u00f3 integral per un sol equip<\/b><\/h3>\n<ul>\n<li style=\"font-weight: 400;\" aria-level=\"1\"><b>Coordinaci\u00f3 completa<\/b><span style=\"font-weight: 400;\">: Un sol interlocutor des del mesurament fins al lliurament.<\/span><\/li>\n<li style=\"font-weight: 400;\" aria-level=\"1\"><b>Rapidesa d&#8217;execuci\u00f3<\/b><span style=\"font-weight: 400;\">: Equip professional que optimitza temps.<\/span><\/li>\n<li style=\"font-weight: 400;\" aria-level=\"1\"><b>Comprom\u00eds i postvenda<\/b><span style=\"font-weight: 400;\">: Assessorament continu i servei t\u00e8cnic despr\u00e9s de la reforma.<\/span><\/li>\n<\/ul>\n<p><b>Dada clau:<\/b><span style=\"font-weight: 400;\"> Un habitatge reformat incrementa el seu valor de mercat entorn del 24% <\/span><b><\/b><span style=\"font-weight: 400;\"> de mitjana a Espanya.<\/span> <img loading=\"lazy\" decoding=\"async\" class=\"aligncenter wp-image-1597 size-full\" src=\"https:\/\/rennovabarcelona.com\/wp-content\/uploads\/2025\/05\/cocinas-baratas.webp\" alt=\"Cocina lineal compacta y funcional con armarios bajos y altos en un solo frente, optimizando el espacio de una pared.\" width=\"768\" height=\"531\" srcset=\"https:\/\/rennovabarcelona.com\/wp-content\/uploads\/2025\/05\/cocinas-baratas.webp 768w, https:\/\/rennovabarcelona.com\/wp-content\/uploads\/2025\/05\/cocinas-baratas-480x332.webp 480w\" sizes=\"auto, (min-width: 0px) and (max-width: 480px) 480px, (min-width: 481px) 768px, 100vw\" \/> <b>Opcions de disseny adaptades al teu pressupost<\/b> <b>Tend\u00e8ncies i funcionalitat a l&#8217;abast de totes les butxaques<\/b><span style=\"font-weight: 400;\">. Descobreix les configuracions m\u00e9s demandades:<\/span><\/p>\n<h3><b>Cuines modulars<\/b><\/h3>\n<ul>\n<li style=\"font-weight: 400;\" aria-level=\"1\"><span style=\"font-weight: 400;\">M\u00f2duls prefabricats per a ajustar dimensions i costos.<\/span><\/li>\n<li style=\"font-weight: 400;\" aria-level=\"1\"><span style=\"font-weight: 400;\">Instal\u00b7laci\u00f3 r\u00e0pida i possibilitat d&#8217;ampliar en el futur.<\/span><\/li>\n<\/ul>\n<h3><b>Cuines en l\u00ednia o lineals<\/b><\/h3>\n<ul>\n<li style=\"font-weight: 400;\" aria-level=\"1\"><span style=\"font-weight: 400;\">Ideal per a espais estrets o passadissos.<\/span> <span style=\"font-weight: 400;\">Maximitza la superf\u00edcie de treball amb un sol front.<\/span><\/li>\n<\/ul>\n<h3><b>Cuines en L<\/b><\/h3>\n<ul>\n<li style=\"font-weight: 400;\" aria-level=\"1\"><span style=\"font-weight: 400;\">Aprofita cantonades per a emmagatzematge extra.<\/span><\/li>\n<li style=\"font-weight: 400;\" aria-level=\"1\"><span style=\"font-weight: 400;\">Separaci\u00f3 natural de zones de treball i rentada.<\/span><\/li>\n<\/ul>\n<h2><b>Materials i electrodom\u00e8stics al millor preu<\/b><\/h2>\n<p><b>Seleccionem productes amb la millor relaci\u00f3 qualitat\u2011preu<\/b><span style=\"font-weight: 400;\">:<\/span><\/p>\n<h3><b>Plaques de cocci\u00f3 resistents<\/b><\/h3>\n<ul>\n<li style=\"font-weight: 400;\" aria-level=\"1\"><b>Melamina econ\u00f2mica<\/b><span style=\"font-weight: 400;\">: F\u00e0cil neteja i gran varietat d&#8217;acabats.<\/span><\/li>\n<li style=\"font-weight: 400;\" aria-level=\"1\"><b>Quars o granit low cost<\/b><span style=\"font-weight: 400;\">: Aspecte premium sense elevar excessivament el cost.<\/span><\/li>\n<\/ul>\n<h3><b>Mobles i armaris<\/b><\/h3>\n<ul>\n<li style=\"font-weight: 400;\" aria-level=\"1\"><b>Tauler laminat<\/b><span style=\"font-weight: 400;\">: Durador i resistent a la humitat.<\/span><\/li>\n<li style=\"font-weight: 400;\" aria-level=\"1\"><b>Armaris modulables<\/b><span style=\"font-weight: 400;\">: Adaptables a qualsevol espai i necessitat.<\/span><\/li>\n<\/ul>\n<h3><b>Electrodom\u00e8stics eficients<\/b><\/h3>\n<ul>\n<li style=\"font-weight: 400;\" aria-level=\"1\"><b>Etiquetes A+<\/b><span style=\"font-weight: 400;\"> i a baix en consum energ\u00e8tic.<\/span><\/li>\n<li style=\"font-weight: 400;\" aria-level=\"1\"><b>Integrats<\/b><span style=\"font-weight: 400;\"> despr\u00e9s de panells a joc per a un acabat minimalista.<\/span><\/li>\n<\/ul>\n<p><img loading=\"lazy\" decoding=\"async\" class=\"wp-image-1599 size-full aligncenter\" src=\"https:\/\/rennovabarcelona.com\/wp-content\/uploads\/2025\/05\/cocinas-modulares.webp\" alt=\"Vista frontal de una cocina modular econ\u00f3mica en tonos blancos y madera, con m\u00f3dulos prefabricados y encimera integrada.\" width=\"768\" height=\"531\" srcset=\"https:\/\/rennovabarcelona.com\/wp-content\/uploads\/2025\/05\/cocinas-modulares.webp 768w, https:\/\/rennovabarcelona.com\/wp-content\/uploads\/2025\/05\/cocinas-modulares-480x332.webp 480w\" sizes=\"auto, (min-width: 0px) and (max-width: 480px) 480px, (min-width: 481px) 768px, 100vw\" \/><\/p>\n<h2><b>Com funciona el nostre servei de reforma low cost<\/b><\/h2>\n<p><b>Un proc\u00e9s clar i sense complicacions<\/b><span style=\"font-weight: 400;\">:<\/span><\/p>\n<ol>\n<li style=\"font-weight: 400;\" aria-level=\"1\"><b>Assessorament personalitzat<\/b>\n<ul>\n<li style=\"font-weight: 400;\" aria-level=\"2\"><span style=\"font-weight: 400;\">Visita gratu\u00efta per a entendre les teves necessitats i estil.<\/span><\/li>\n<\/ul>\n<\/li>\n<li style=\"font-weight: 400;\" aria-level=\"1\"><b>Mesurament i pressupost tancat<\/b>\n<ul>\n<li style=\"font-weight: 400;\" aria-level=\"2\"><span style=\"font-weight: 400;\">Proposta detallada amb tots els conceptes inclosos.<\/span><\/li>\n<\/ul>\n<\/li>\n<li style=\"font-weight: 400;\" aria-level=\"1\"><b>Fabricaci\u00f3 i instal\u00b7laci\u00f3<\/b>\n<ul>\n<li style=\"font-weight: 400;\" aria-level=\"2\"><span style=\"font-weight: 400;\">Mobles a mesura en el nostre taller i muntatge per professionals.<\/span><\/li>\n<\/ul>\n<\/li>\n<li style=\"font-weight: 400;\" aria-level=\"1\"><b>Lliurament i garantia<\/b>\n<ul>\n<li style=\"font-weight: 400;\" aria-level=\"2\"><span style=\"font-weight: 400;\">Revisi\u00f3 final, neteja i garantia estesa.<\/span><\/li>\n<\/ul>\n<\/li>\n<\/ol>\n<h2><b>Preguntes sobre cuines low cost<\/b><\/h2>\n<ul>\n<li style=\"font-weight: 400;\" aria-level=\"1\"><b>Quant trigo a tenir la cuina reformada?<\/b><b> <\/b><span style=\"font-weight: 400;\"> En 2\u20133 setmanes des de l&#8217;aprovaci\u00f3 del projecte.<\/span><\/li>\n<li style=\"font-weight: 400;\" aria-level=\"1\"><b>Puc finan\u00e7ar la reforma?<\/b><b> <\/b><span style=\"font-weight: 400;\"> S\u00ed, oferim plans de finan\u00e7ament a la teva mesura.<\/span><\/li>\n<li style=\"font-weight: 400;\" aria-level=\"1\"><b>Retiren els enderrocs i la cuina antiga?<\/b><b> <\/b><span style=\"font-weight: 400;\"> Incloem retirada i gesti\u00f3 de residus per a la teva tranquil\u00b7litat.<\/span><\/li>\n<\/ul>\n<h2><b>Per qu\u00e8 triar Rennova Barcelona?<\/b><\/h2>\n<ul>\n<li style=\"font-weight: 400;\" aria-level=\"1\"><b>Especialistes en <a href=\"https:\/\/rennovabarcelona.com\/\">reformes barates a Barcelona<\/a><\/b><span style=\"font-weight: 400;\">: M\u00e9s de 10 anys oferint qualitat low cost.<\/span><\/li>\n<li style=\"font-weight: 400;\" aria-level=\"1\"><b>Equip propi<\/b><span style=\"font-weight: 400;\"> de fusters, lampistes i electricistes.<\/span><\/li>\n<li style=\"font-weight: 400;\" aria-level=\"1\"><b>Atenci\u00f3 local<\/b><span style=\"font-weight: 400;\"> i coneixement de la normativa municipal.<\/span><\/li>\n<\/ul>\n<p><b>Transforma la teva cuina avui<\/b><span style=\"font-weight: 400;\"> amb la millor relaci\u00f3 qualitat\u2011preu.<\/span> <a href=\"https:\/\/rennovabarcelona.com\/\"> <span style=\"font-weight: 400;\">\ud83d\udc49 Sol\u00b7licita el teu pressupost gratu\u00eft<\/span><\/a> <i><span style=\"font-weight: 400;\">Inspirat en les millors pr\u00e0ctiques de cuines amb muntatge incl\u00f2s<\/span><\/i><\/p>\n","protected":false},"excerpt":{"rendered":"<p>Reformes de cuina de 12\u202fm\u00b2 des d&#8217;11\u202f230\u202f\u20ac en 2025: pressupost tancat amb disseny, materials, instal\u00b7laci\u00f3 i garantia.<\/p>\n","protected":false},"author":1,"featured_media":0,"comment_status":"closed","ping_status":"closed","sticky":false,"template":"","format":"standard","meta":{"_acf_changed":false,"_et_pb_use_builder":"","_et_pb_old_content":"","_et_gb_content_width":"","inline_featured_image":false,"footnotes":""},"categories":[1],"tags":[],"class_list":["post-1607","post","type-post","status-publish","format-standard","hentry","category-uncategorised"],"acf":[],"yoast_head":"<!-- This site is optimized with the Yoast SEO plugin v27.5 - https:\/\/yoast.com\/product\/yoast-seo-wordpress\/ -->\n<title>Cuines low cost a Barcelona amb muntatge incl\u00f2s 2025 - Rennova<\/title>\n<meta name=\"description\" content=\"Reformes de cuines low cost a Barcelona: modulars, en l\u00ednia i en L amb muntatge incl\u00f2s. Qualitat, garantia i pressupost tancat. Demana el teu pressupost!\" \/>\n<meta name=\"robots\" content=\"index, follow, max-snippet:-1, max-image-preview:large, max-video-preview:-1\" \/>\n<link rel=\"canonical\" href=\"https:\/\/rennovabarcelona.com\/ca\/reformes-de-cuines-low-cost-a-barcelona-amb-muntatge-inclos-2025\/\" \/>\n<meta property=\"og:locale\" content=\"ca_ES\" \/>\n<meta property=\"og:type\" content=\"article\" \/>\n<meta property=\"og:title\" content=\"Cuines low cost a Barcelona amb muntatge incl\u00f2s 2025 - Rennova\" \/>\n<meta property=\"og:description\" content=\"Reformes de cuines low cost a Barcelona: modulars, en l\u00ednia i en L amb muntatge incl\u00f2s. Qualitat, garantia i pressupost tancat. Demana el teu pressupost!\" \/>\n<meta property=\"og:url\" content=\"https:\/\/rennovabarcelona.com\/ca\/reformes-de-cuines-low-cost-a-barcelona-amb-muntatge-inclos-2025\/\" \/>\n<meta property=\"og:site_name\" content=\"Rennova\" \/>\n<meta property=\"article:published_time\" content=\"2025-05-05T09:09:29+00:00\" \/>\n<meta property=\"article:modified_time\" content=\"2025-08-18T10:29:37+00:00\" \/>\n<meta property=\"og:image\" content=\"https:\/\/rennovabarcelona.com\/wp-content\/uploads\/2025\/05\/cocina-low-cost.webp\" \/>\n\t<meta property=\"og:image:width\" content=\"768\" \/>\n\t<meta property=\"og:image:height\" content=\"531\" \/>\n\t<meta property=\"og:image:type\" content=\"image\/webp\" \/>\n<meta name=\"author\" content=\"welovewebs\" \/>\n<meta name=\"twitter:card\" content=\"summary_large_image\" \/>\n<meta name=\"twitter:label1\" content=\"Escrit per\" \/>\n\t<meta name=\"twitter:data1\" content=\"welovewebs\" \/>\n\t<meta name=\"twitter:label2\" content=\"Temps estimat de lectura\" \/>\n\t<meta name=\"twitter:data2\" content=\"3 minuts\" \/>\n<script type=\"application\/ld+json\" class=\"yoast-schema-graph\">{\"@context\":\"https:\\\/\\\/schema.org\",\"@graph\":[{\"@type\":\"Article\",\"@id\":\"https:\\\/\\\/rennovabarcelona.com\\\/ca\\\/reformes-de-cuines-low-cost-a-barcelona-amb-muntatge-inclos-2025\\\/#article\",\"isPartOf\":{\"@id\":\"https:\\\/\\\/rennovabarcelona.com\\\/ca\\\/reformes-de-cuines-low-cost-a-barcelona-amb-muntatge-inclos-2025\\\/\"},\"author\":{\"name\":\"welovewebs\",\"@id\":\"https:\\\/\\\/rennovabarcelona.com\\\/#\\\/schema\\\/person\\\/9f204b43f5426598e31ba0a1fe1b02a7\"},\"headline\":\"Reformes de cuines low cost a Barcelona amb muntatge incl\u00f2s 2025\",\"datePublished\":\"2025-05-05T09:09:29+00:00\",\"dateModified\":\"2025-08-18T10:29:37+00:00\",\"mainEntityOfPage\":{\"@id\":\"https:\\\/\\\/rennovabarcelona.com\\\/ca\\\/reformes-de-cuines-low-cost-a-barcelona-amb-muntatge-inclos-2025\\\/\"},\"wordCount\":665,\"image\":{\"@id\":\"https:\\\/\\\/rennovabarcelona.com\\\/ca\\\/reformes-de-cuines-low-cost-a-barcelona-amb-muntatge-inclos-2025\\\/#primaryimage\"},\"thumbnailUrl\":\"https:\\\/\\\/rennovabarcelona.com\\\/wp-content\\\/uploads\\\/2025\\\/05\\\/cocina-low-cost.webp\",\"articleSection\":[\"Uncategorised\"],\"inLanguage\":\"ca\"},{\"@type\":\"WebPage\",\"@id\":\"https:\\\/\\\/rennovabarcelona.com\\\/ca\\\/reformes-de-cuines-low-cost-a-barcelona-amb-muntatge-inclos-2025\\\/\",\"url\":\"https:\\\/\\\/rennovabarcelona.com\\\/ca\\\/reformes-de-cuines-low-cost-a-barcelona-amb-muntatge-inclos-2025\\\/\",\"name\":\"Cuines low cost a Barcelona amb muntatge incl\u00f2s 2025 - Rennova\",\"isPartOf\":{\"@id\":\"https:\\\/\\\/rennovabarcelona.com\\\/#website\"},\"primaryImageOfPage\":{\"@id\":\"https:\\\/\\\/rennovabarcelona.com\\\/ca\\\/reformes-de-cuines-low-cost-a-barcelona-amb-muntatge-inclos-2025\\\/#primaryimage\"},\"image\":{\"@id\":\"https:\\\/\\\/rennovabarcelona.com\\\/ca\\\/reformes-de-cuines-low-cost-a-barcelona-amb-muntatge-inclos-2025\\\/#primaryimage\"},\"thumbnailUrl\":\"https:\\\/\\\/rennovabarcelona.com\\\/wp-content\\\/uploads\\\/2025\\\/05\\\/cocina-low-cost.webp\",\"datePublished\":\"2025-05-05T09:09:29+00:00\",\"dateModified\":\"2025-08-18T10:29:37+00:00\",\"author\":{\"@id\":\"https:\\\/\\\/rennovabarcelona.com\\\/#\\\/schema\\\/person\\\/9f204b43f5426598e31ba0a1fe1b02a7\"},\"description\":\"Reformes de cuines low cost a Barcelona: modulars, en l\u00ednia i en L amb muntatge incl\u00f2s. Qualitat, garantia i pressupost tancat. Demana el teu pressupost!\",\"breadcrumb\":{\"@id\":\"https:\\\/\\\/rennovabarcelona.com\\\/ca\\\/reformes-de-cuines-low-cost-a-barcelona-amb-muntatge-inclos-2025\\\/#breadcrumb\"},\"inLanguage\":\"ca\",\"potentialAction\":[{\"@type\":\"ReadAction\",\"target\":[\"https:\\\/\\\/rennovabarcelona.com\\\/ca\\\/reformes-de-cuines-low-cost-a-barcelona-amb-muntatge-inclos-2025\\\/\"]}]},{\"@type\":\"ImageObject\",\"inLanguage\":\"ca\",\"@id\":\"https:\\\/\\\/rennovabarcelona.com\\\/ca\\\/reformes-de-cuines-low-cost-a-barcelona-amb-muntatge-inclos-2025\\\/#primaryimage\",\"url\":\"https:\\\/\\\/rennovabarcelona.com\\\/wp-content\\\/uploads\\\/2025\\\/05\\\/cocina-low-cost.webp\",\"contentUrl\":\"https:\\\/\\\/rennovabarcelona.com\\\/wp-content\\\/uploads\\\/2025\\\/05\\\/cocina-low-cost.webp\"},{\"@type\":\"BreadcrumbList\",\"@id\":\"https:\\\/\\\/rennovabarcelona.com\\\/ca\\\/reformes-de-cuines-low-cost-a-barcelona-amb-muntatge-inclos-2025\\\/#breadcrumb\",\"itemListElement\":[{\"@type\":\"ListItem\",\"position\":1,\"name\":\"Home\",\"item\":\"https:\\\/\\\/rennovabarcelona.com\\\/\"},{\"@type\":\"ListItem\",\"position\":2,\"name\":\"Reformes de cuines low cost a Barcelona amb muntatge incl\u00f2s 2025\"}]},{\"@type\":\"WebSite\",\"@id\":\"https:\\\/\\\/rennovabarcelona.com\\\/#website\",\"url\":\"https:\\\/\\\/rennovabarcelona.com\\\/\",\"name\":\"Rennova\",\"description\":\"\",\"potentialAction\":[{\"@type\":\"SearchAction\",\"target\":{\"@type\":\"EntryPoint\",\"urlTemplate\":\"https:\\\/\\\/rennovabarcelona.com\\\/?s={search_term_string}\"},\"query-input\":{\"@type\":\"PropertyValueSpecification\",\"valueRequired\":true,\"valueName\":\"search_term_string\"}}],\"inLanguage\":\"ca\"},{\"@type\":\"Person\",\"@id\":\"https:\\\/\\\/rennovabarcelona.com\\\/#\\\/schema\\\/person\\\/9f204b43f5426598e31ba0a1fe1b02a7\",\"name\":\"welovewebs\",\"image\":{\"@type\":\"ImageObject\",\"inLanguage\":\"ca\",\"@id\":\"https:\\\/\\\/secure.gravatar.com\\\/avatar\\\/c37ca8e2a9bec444422e10e6e93c5c573064ba0027fe5ad588028adccfef4c50?s=96&d=mm&r=g\",\"url\":\"https:\\\/\\\/secure.gravatar.com\\\/avatar\\\/c37ca8e2a9bec444422e10e6e93c5c573064ba0027fe5ad588028adccfef4c50?s=96&d=mm&r=g\",\"contentUrl\":\"https:\\\/\\\/secure.gravatar.com\\\/avatar\\\/c37ca8e2a9bec444422e10e6e93c5c573064ba0027fe5ad588028adccfef4c50?s=96&d=mm&r=g\",\"caption\":\"welovewebs\"},\"sameAs\":[\"https:\\\/\\\/rennovabarcelona.com\\\/\"]}]}<\/script>\n<!-- \/ Yoast SEO plugin. -->","yoast_head_json":{"title":"Cuines low cost a Barcelona amb muntatge incl\u00f2s 2025 - Rennova","description":"Reformes de cuines low cost a Barcelona: modulars, en l\u00ednia i en L amb muntatge incl\u00f2s. Qualitat, garantia i pressupost tancat. Demana el teu pressupost!","robots":{"index":"index","follow":"follow","max-snippet":"max-snippet:-1","max-image-preview":"max-image-preview:large","max-video-preview":"max-video-preview:-1"},"canonical":"https:\/\/rennovabarcelona.com\/ca\/reformes-de-cuines-low-cost-a-barcelona-amb-muntatge-inclos-2025\/","og_locale":"ca_ES","og_type":"article","og_title":"Cuines low cost a Barcelona amb muntatge incl\u00f2s 2025 - Rennova","og_description":"Reformes de cuines low cost a Barcelona: modulars, en l\u00ednia i en L amb muntatge incl\u00f2s. Qualitat, garantia i pressupost tancat. Demana el teu pressupost!","og_url":"https:\/\/rennovabarcelona.com\/ca\/reformes-de-cuines-low-cost-a-barcelona-amb-muntatge-inclos-2025\/","og_site_name":"Rennova","article_published_time":"2025-05-05T09:09:29+00:00","article_modified_time":"2025-08-18T10:29:37+00:00","og_image":[{"width":768,"height":531,"url":"https:\/\/rennovabarcelona.com\/wp-content\/uploads\/2025\/05\/cocina-low-cost.webp","type":"image\/webp"}],"author":"welovewebs","twitter_card":"summary_large_image","twitter_misc":{"Escrit per":"welovewebs","Temps estimat de lectura":"3 minuts"},"schema":{"@context":"https:\/\/schema.org","@graph":[{"@type":"Article","@id":"https:\/\/rennovabarcelona.com\/ca\/reformes-de-cuines-low-cost-a-barcelona-amb-muntatge-inclos-2025\/#article","isPartOf":{"@id":"https:\/\/rennovabarcelona.com\/ca\/reformes-de-cuines-low-cost-a-barcelona-amb-muntatge-inclos-2025\/"},"author":{"name":"welovewebs","@id":"https:\/\/rennovabarcelona.com\/#\/schema\/person\/9f204b43f5426598e31ba0a1fe1b02a7"},"headline":"Reformes de cuines low cost a Barcelona amb muntatge incl\u00f2s 2025","datePublished":"2025-05-05T09:09:29+00:00","dateModified":"2025-08-18T10:29:37+00:00","mainEntityOfPage":{"@id":"https:\/\/rennovabarcelona.com\/ca\/reformes-de-cuines-low-cost-a-barcelona-amb-muntatge-inclos-2025\/"},"wordCount":665,"image":{"@id":"https:\/\/rennovabarcelona.com\/ca\/reformes-de-cuines-low-cost-a-barcelona-amb-muntatge-inclos-2025\/#primaryimage"},"thumbnailUrl":"https:\/\/rennovabarcelona.com\/wp-content\/uploads\/2025\/05\/cocina-low-cost.webp","articleSection":["Uncategorised"],"inLanguage":"ca"},{"@type":"WebPage","@id":"https:\/\/rennovabarcelona.com\/ca\/reformes-de-cuines-low-cost-a-barcelona-amb-muntatge-inclos-2025\/","url":"https:\/\/rennovabarcelona.com\/ca\/reformes-de-cuines-low-cost-a-barcelona-amb-muntatge-inclos-2025\/","name":"Cuines low cost a Barcelona amb muntatge incl\u00f2s 2025 - Rennova","isPartOf":{"@id":"https:\/\/rennovabarcelona.com\/#website"},"primaryImageOfPage":{"@id":"https:\/\/rennovabarcelona.com\/ca\/reformes-de-cuines-low-cost-a-barcelona-amb-muntatge-inclos-2025\/#primaryimage"},"image":{"@id":"https:\/\/rennovabarcelona.com\/ca\/reformes-de-cuines-low-cost-a-barcelona-amb-muntatge-inclos-2025\/#primaryimage"},"thumbnailUrl":"https:\/\/rennovabarcelona.com\/wp-content\/uploads\/2025\/05\/cocina-low-cost.webp","datePublished":"2025-05-05T09:09:29+00:00","dateModified":"2025-08-18T10:29:37+00:00","author":{"@id":"https:\/\/rennovabarcelona.com\/#\/schema\/person\/9f204b43f5426598e31ba0a1fe1b02a7"},"description":"Reformes de cuines low cost a Barcelona: modulars, en l\u00ednia i en L amb muntatge incl\u00f2s. Qualitat, garantia i pressupost tancat. Demana el teu pressupost!","breadcrumb":{"@id":"https:\/\/rennovabarcelona.com\/ca\/reformes-de-cuines-low-cost-a-barcelona-amb-muntatge-inclos-2025\/#breadcrumb"},"inLanguage":"ca","potentialAction":[{"@type":"ReadAction","target":["https:\/\/rennovabarcelona.com\/ca\/reformes-de-cuines-low-cost-a-barcelona-amb-muntatge-inclos-2025\/"]}]},{"@type":"ImageObject","inLanguage":"ca","@id":"https:\/\/rennovabarcelona.com\/ca\/reformes-de-cuines-low-cost-a-barcelona-amb-muntatge-inclos-2025\/#primaryimage","url":"https:\/\/rennovabarcelona.com\/wp-content\/uploads\/2025\/05\/cocina-low-cost.webp","contentUrl":"https:\/\/rennovabarcelona.com\/wp-content\/uploads\/2025\/05\/cocina-low-cost.webp"},{"@type":"BreadcrumbList","@id":"https:\/\/rennovabarcelona.com\/ca\/reformes-de-cuines-low-cost-a-barcelona-amb-muntatge-inclos-2025\/#breadcrumb","itemListElement":[{"@type":"ListItem","position":1,"name":"Home","item":"https:\/\/rennovabarcelona.com\/"},{"@type":"ListItem","position":2,"name":"Reformes de cuines low cost a Barcelona amb muntatge incl\u00f2s 2025"}]},{"@type":"WebSite","@id":"https:\/\/rennovabarcelona.com\/#website","url":"https:\/\/rennovabarcelona.com\/","name":"Rennova","description":"","potentialAction":[{"@type":"SearchAction","target":{"@type":"EntryPoint","urlTemplate":"https:\/\/rennovabarcelona.com\/?s={search_term_string}"},"query-input":{"@type":"PropertyValueSpecification","valueRequired":true,"valueName":"search_term_string"}}],"inLanguage":"ca"},{"@type":"Person","@id":"https:\/\/rennovabarcelona.com\/#\/schema\/person\/9f204b43f5426598e31ba0a1fe1b02a7","name":"welovewebs","image":{"@type":"ImageObject","inLanguage":"ca","@id":"https:\/\/secure.gravatar.com\/avatar\/c37ca8e2a9bec444422e10e6e93c5c573064ba0027fe5ad588028adccfef4c50?s=96&d=mm&r=g","url":"https:\/\/secure.gravatar.com\/avatar\/c37ca8e2a9bec444422e10e6e93c5c573064ba0027fe5ad588028adccfef4c50?s=96&d=mm&r=g","contentUrl":"https:\/\/secure.gravatar.com\/avatar\/c37ca8e2a9bec444422e10e6e93c5c573064ba0027fe5ad588028adccfef4c50?s=96&d=mm&r=g","caption":"welovewebs"},"sameAs":["https:\/\/rennovabarcelona.com\/"]}]}},"_links":{"self":[{"href":"https:\/\/rennovabarcelona.com\/ca\/wp-json\/wp\/v2\/posts\/1607","targetHints":{"allow":["GET"]}}],"collection":[{"href":"https:\/\/rennovabarcelona.com\/ca\/wp-json\/wp\/v2\/posts"}],"about":[{"href":"https:\/\/rennovabarcelona.com\/ca\/wp-json\/wp\/v2\/types\/post"}],"author":[{"embeddable":true,"href":"https:\/\/rennovabarcelona.com\/ca\/wp-json\/wp\/v2\/users\/1"}],"replies":[{"embeddable":true,"href":"https:\/\/rennovabarcelona.com\/ca\/wp-json\/wp\/v2\/comments?post=1607"}],"version-history":[{"count":1,"href":"https:\/\/rennovabarcelona.com\/ca\/wp-json\/wp\/v2\/posts\/1607\/revisions"}],"predecessor-version":[{"id":2198,"href":"https:\/\/rennovabarcelona.com\/ca\/wp-json\/wp\/v2\/posts\/1607\/revisions\/2198"}],"wp:attachment":[{"href":"https:\/\/rennovabarcelona.com\/ca\/wp-json\/wp\/v2\/media?parent=1607"}],"wp:term":[{"taxonomy":"category","embeddable":true,"href":"https:\/\/rennovabarcelona.com\/ca\/wp-json\/wp\/v2\/categories?post=1607"},{"taxonomy":"post_tag","embeddable":true,"href":"https:\/\/rennovabarcelona.com\/ca\/wp-json\/wp\/v2\/tags?post=1607"}],"curies":[{"name":"wp","href":"https:\/\/api.w.org\/{rel}","templated":true}]}}